{"id":432,"date":"2025-08-30T09:36:00","date_gmt":"2025-08-30T07:36:00","guid":{"rendered":"https:\/\/www.motomost.cz\/?p=432"},"modified":"2026-05-16T14:46:18","modified_gmt":"2026-05-16T12:46:18","slug":"mamenovestranky-3","status":"publish","type":"post","link":"https:\/\/www.motomost.cz\/?p=432","title":{"rendered":"V KV\u011aTNU se potk\u00e1me na Czech Enduro, Mistrovstv\u00ed \u010cesk\u00e9 republiky, P\u0159ebor \u010cesk\u00e9 republiky a poh\u00e1r v\u010detn\u011b bezlicen\u010dn\u00edch jezdc\u016f ENDURO 2026 \ud83c\udfcd\ud83d\udd25"},"content":{"rendered":"\t\t<div data-elementor-type=\"wp-post\" data-elementor-id=\"432\" class=\"elementor elementor-432\">\n\t\t\t\t<div class=\"elementor-element elementor-element-8287ff0 e-flex e-con-boxed e-con e-parent\" data-id=\"8287ff0\" data-element_type=\"container\" data-settings=\"{&quot;background_background&quot;:&quot;classic&quot;}\">\n\t\t\t\t\t<div class=\"e-con-inner\">\n\t\t<div class=\"elementor-element elementor-element-ee442bb e-con-full e-flex e-con e-child\" data-id=\"ee442bb\" data-element_type=\"container\">\n\t\t\t\t<div class=\"elementor-element elementor-element-0931d14 elementor-widget elementor-widget-jkit_post_title\" data-id=\"0931d14\" data-element_type=\"widget\" data-widget_type=\"jkit_post_title.default\">\n\t\t\t\t<div class=\"elementor-widget-container\">\n\t\t\t\t\t<div  class=\"jeg-elementor-kit jkit-post-title jeg_module___6a9a5e610dd39\" ><h2 class=\"post-title style-color \">V KV\u011aTNU se potk\u00e1me na Czech Enduro, Mistrovstv\u00ed \u010cesk\u00e9 republiky, P\u0159ebor \u010cesk\u00e9 republiky a poh\u00e1r v\u010detn\u011b bezlicen\u010dn\u00edch jezdc\u016f ENDURO 2026 \ud83c\udfcd\ud83d\udd25<\/h2><\/div>\t\t\t\t<\/div>\n\t\t\t\t<\/div>\n\t\t\t\t<\/div>\n\t\t\t\t\t<\/div>\n\t\t\t\t<\/div>\n\t\t<div class=\"elementor-element elementor-element-8cf6022 e-flex e-con-boxed e-con e-parent\" data-id=\"8cf6022\" data-element_type=\"container\">\n\t\t\t\t\t<div class=\"e-con-inner\">\n\t\t<div class=\"elementor-element elementor-element-2f8f83e e-con-full e-flex e-con e-child\" data-id=\"2f8f83e\" data-element_type=\"container\">\n\t\t\t\t<div class=\"elementor-element elementor-element-e8a40bb elementor-widget elementor-widget-heading\" data-id=\"e8a40bb\" data-element_type=\"widget\" data-widget_type=\"heading.default\">\n\t\t\t\t<div class=\"elementor-widget-container\">\n\t\t\t\t\t<h3 class=\"elementor-heading-title elementor-size-default\">Pozv\u00e1nka na CZECHEnduro Most \u2013 30.\u201331. KV\u011aTNA 2026<\/h3>\t\t\t\t<\/div>\n\t\t\t\t<\/div>\n\t\t\t\t<div class=\"elementor-element elementor-element-ba0eb60 elementor-widget elementor-widget-text-editor\" data-id=\"ba0eb60\" data-element_type=\"widget\" data-widget_type=\"text-editor.default\">\n\t\t\t\t<div class=\"elementor-widget-container\">\n\t\t\t\t\t\t\t\t\t<p data-start=\"206\" data-end=\"553\">Do Mostu se po roce vrac\u00ed\u00a0<span data-start=\"234\" data-end=\"265\">vrcholn\u00e1 motocyklov\u00e1 sout\u011b\u017e<\/span>\u00a0\u2013\u00a0<span data-start=\"268\" data-end=\"338\">OPEN Mistrovstv\u00ed \u010cesk\u00e9 republiky, P\u0159ebor \u010cesk\u00e9 republiky a Poh\u00e1r v\u010detn\u011b bezlicen\u010dn\u00edch jezdc\u016f v enduru<\/span>. B\u011bhem v\u00edkendu 30<span data-start=\"354\" data-end=\"373\">.\u201331. kv\u011btna 2026<\/span>\u00a0se jezdeck\u00e1 \u0161pi\u010dka a ostatn\u00ed z\u00e1vodn\u00edci utkaj\u00ed na trati v are\u00e1lu spole\u010dnosti\u00a0<span data-start=\"448\" data-end=\"460\">Keramost<\/span>, kde se ji\u017e v minulosti konaly v\u00fdznamn\u00e9 motoristick\u00e9 podniky, nap\u0159\u00edklad M\u010cR v Trucktrialu.<\/p><p data-start=\"555\" data-end=\"814\">Div\u00e1ci se mohou t\u011b\u0161it na\u00a0<span data-start=\"580\" data-end=\"626\">nap\u00ednav\u00e9 souboje v discipl\u00edn\u011b Enduro<\/span>, kter\u00e1 kombinuje rychlost, techniku i odolnost jezdc\u016f a stroj\u016f. Sou\u010d\u00e1st\u00ed programu bude tak\u00e9\u00a0<span data-start=\"719\" data-end=\"758\">p\u0159\u00edpravn\u00fd podnik pro d\u011bti<\/span>, tak\u017ee si atmosf\u00e9ru velk\u00e9ho z\u00e1vodu u\u017eije cel\u00e1 rodina.<\/p><p data-start=\"816\" data-end=\"986\">Akce se kon\u00e1 pod z\u00e1\u0161titou\u00a0<span data-start=\"842\" data-end=\"856\">M\u011bsta Most<\/span>, kter\u00e9 t\u00edm podporuje n\u00e1vrat Endura do regionu. Organiz\u00e1torem je\u00a0<span data-start=\"925\" data-end=\"983\">Moto Most Club ve spolupr\u00e1ci s promot\u00e9rem Czech Enduro<\/span>.<\/p><p data-start=\"816\" data-end=\"986\"><img decoding=\"async\" class=\"emoji\" style=\"background-color: #000000;\" role=\"img\" draggable=\"false\" src=\"https:\/\/s.w.org\/images\/core\/emoji\/16.0.1\/svg\/1f4cd.svg\" alt=\"\ud83d\udccd\" \/> <strong data-start=\"991\" data-end=\"999\">Kde:<\/strong> Most \u2013 are\u00e1l Keramost &#8211; odkaz na <a style=\"background-color: #000000;\" href=\"https:\/\/maps.app.goo.gl\/S23SARX6RXTHUf596\" target=\"_blank\" rel=\"noopener\">Google Maps<\/a><\/p><p data-start=\"988\" data-end=\"1124\"><img decoding=\"async\" class=\"emoji\" role=\"img\" draggable=\"false\" src=\"https:\/\/s.w.org\/images\/core\/emoji\/16.0.1\/svg\/1f4c5.svg\" alt=\"\ud83d\udcc5\" \/> <strong data-start=\"1027\" data-end=\"1035\">Kdy:<\/strong>\u00a030.\u201331. kv\u011btna 2026<br data-start=\"1051\" data-end=\"1054\" \/><img decoding=\"async\" class=\"emoji\" role=\"img\" draggable=\"false\" src=\"https:\/\/s.w.org\/images\/core\/emoji\/16.0.1\/svg\/1f310.svg\" alt=\"\ud83c\udf10\" \/> V\u00edce informac\u00ed: <a class=\"cursor-pointer\" target=\"_new\" rel=\"noopener\" data-start=\"1073\" data-end=\"1122\">www.czechenduro.com<\/a><\/p><p data-start=\"1117\" data-end=\"1135\"><img decoding=\"async\" class=\"emoji\" role=\"img\" draggable=\"false\" src=\"https:\/\/s.w.org\/images\/core\/emoji\/16.0.1\/svg\/1f39f.svg\" alt=\"\ud83c\udf9f\ufe0f\" \/> <strong data-start=\"1121\" data-end=\"1133\">Vstupn\u00e9:<\/strong><\/p><ul data-start=\"1136\" data-end=\"1223\"><li data-start=\"1136\" data-end=\"1158\"><p data-start=\"1138\" data-end=\"1158\">Sobota: <strong data-start=\"1146\" data-end=\"1156\">150 K\u010d<\/strong><\/p><\/li><li data-start=\"1159\" data-end=\"1190\"><p data-start=\"1161\" data-end=\"1190\">Sobota + ned\u011ble: <strong data-start=\"1178\" data-end=\"1188\">200 K\u010d<\/strong><\/p><\/li><li data-start=\"1191\" data-end=\"1223\"><p data-start=\"1193\" data-end=\"1223\"><img decoding=\"async\" class=\"emoji\" role=\"img\" draggable=\"false\" src=\"https:\/\/s.w.org\/images\/core\/emoji\/16.0.1\/svg\/1f476.svg\" alt=\"\ud83d\udc76\" \/> D\u011bti do 130 cm <strong data-start=\"1211\" data-end=\"1221\">zdarma<\/strong><\/p><\/li><\/ul><p data-start=\"1126\" data-end=\"1208\">P\u0159ij\u010fte za\u017e\u00edt atmosf\u00e9ru sv\u011btov\u00e9ho endura p\u0159\u00edmo v Most\u011b \u2013 t\u011b\u0161\u00edme se na v\u00e1s! <img decoding=\"async\" class=\"emoji\" role=\"img\" draggable=\"false\" src=\"https:\/\/s.w.org\/images\/core\/emoji\/16.0.1\/svg\/1f3cd.svg\" alt=\"\ud83c\udfcd\ufe0f\" \/><\/p>\t\t\t\t\t\t\t\t<\/div>\n\t\t\t\t<\/div>\n\t\t\t\t<\/div>\n\t\t\t\t\t<\/div>\n\t\t\t\t<\/div>\n\t\t<div class=\"elementor-element elementor-element-5b6d02e e-flex e-con-boxed e-con e-parent\" data-id=\"5b6d02e\" data-element_type=\"container\">\n\t\t\t\t\t<div class=\"e-con-inner\">\n\t\t<div class=\"elementor-element elementor-element-7bcd08d e-con-full e-flex e-con e-child\" data-id=\"7bcd08d\" data-element_type=\"container\">\n\t\t\t\t<div class=\"elementor-element elementor-element-53e81cc elementor-widget elementor-widget-image\" data-id=\"53e81cc\" data-element_type=\"widget\" data-widget_type=\"image.default\">\n\t\t\t\t<div class=\"elementor-widget-container\">\n\t\t\t\t\t\t\t\t\t\t\t\t\t\t\t<img fetchpriority=\"high\" decoding=\"async\" width=\"724\" height=\"1024\" src=\"https:\/\/www.motomost.cz\/wp-content\/uploads\/2026\/05\/enduro-26-CZ-724x1024.png\" class=\"attachment-large size-large wp-image-555\" alt=\"\" srcset=\"https:\/\/www.motomost.cz\/wp-content\/uploads\/2026\/05\/enduro-26-CZ-724x1024.png 724w, https:\/\/www.motomost.cz\/wp-content\/uploads\/2026\/05\/enduro-26-CZ-212x300.png 212w, https:\/\/www.motomost.cz\/wp-content\/uploads\/2026\/05\/enduro-26-CZ-768x1086.png 768w, https:\/\/www.motomost.cz\/wp-content\/uploads\/2026\/05\/enduro-26-CZ-1086x1536.png 1086w, https:\/\/www.motomost.cz\/wp-content\/uploads\/2026\/05\/enduro-26-CZ.png 1131w\" sizes=\"(max-width: 724px) 100vw, 724px\" \/>\t\t\t\t\t\t\t\t\t\t\t\t\t\t\t<\/div>\n\t\t\t\t<\/div>\n\t\t\t\t<div class=\"elementor-element elementor-element-40d591a elementor-widget elementor-widget-jkit_post_featured_image\" data-id=\"40d591a\" data-element_type=\"widget\" data-widget_type=\"jkit_post_featured_image.default\">\n\t\t\t\t<div class=\"elementor-widget-container\">\n\t\t\t\t\t<div  class=\"jeg-elementor-kit jkit-post-featured-image jeg_module__1_6a9a5e610fee8\" ><div class=\"post-featured-image \"><img decoding=\"async\" width=\"724\" height=\"1024\" src=\"https:\/\/www.motomost.cz\/wp-content\/uploads\/2026\/05\/enduro-plakat-en-724x1024.png\" class=\"attachment-large size-large wp-post-image\" alt=\"\" srcset=\"https:\/\/www.motomost.cz\/wp-content\/uploads\/2026\/05\/enduro-plakat-en-724x1024.png 724w, https:\/\/www.motomost.cz\/wp-content\/uploads\/2026\/05\/enduro-plakat-en-212x300.png 212w, https:\/\/www.motomost.cz\/wp-content\/uploads\/2026\/05\/enduro-plakat-en-768x1086.png 768w, https:\/\/www.motomost.cz\/wp-content\/uploads\/2026\/05\/enduro-plakat-en-1086x1536.png 1086w, https:\/\/www.motomost.cz\/wp-content\/uploads\/2026\/05\/enduro-plakat-en-1448x2048.png 1448w, https:\/\/www.motomost.cz\/wp-content\/uploads\/2026\/05\/enduro-plakat-en.png 1587w\" sizes=\"(max-width: 724px) 100vw, 724px\" \/><\/div><\/div>\t\t\t\t<\/div>\n\t\t\t\t<\/div>\n\t\t\t\t<\/div>\n\t\t\t\t\t<\/div>\n\t\t\t\t<\/div>\n\t\t\t\t<\/div>\n\t\t","protected":false},"excerpt":{"rendered":"<p>V KV\u011aTNU se potk\u00e1me na Czech Enduro, Mistrovstv\u00ed \u010cesk\u00e9 republiky, P\u0159ebor \u010cesk\u00e9 republiky a poh\u00e1r v\u010detn\u011b bezlicen\u010dn\u00edch jezdc\u016f ENDURO 2026 \ud83c\udfcd\ud83d\udd25 Pozv\u00e1nka na CZECHEnduro Most \u2013 30.\u201331. KV\u011aTNA 2026 Do Mostu se po roce vrac\u00ed\u00a0vrcholn\u00e1 motocyklov\u00e1 sout\u011b\u017e\u00a0\u2013\u00a0OPEN Mistrovstv\u00ed \u010cesk\u00e9 republiky, P\u0159ebor \u010cesk\u00e9 republiky a Poh\u00e1r v\u010detn\u011b bezlicen\u010dn\u00edch jezdc\u016f v enduru. B\u011bhem v\u00edkendu 30.\u201331. kv\u011btna 2026\u00a0se [&hellip;]<\/p>\n","protected":false},"author":1,"featured_media":483,"comment_status":"closed","ping_status":"closed","sticky":false,"template":"elementor_header_footer","format":"standard","meta":{"footnotes":""},"categories":[1],"tags":[],"class_list":["post-432","post","type-post","status-publish","format-standard","has-post-thumbnail","hentry","category-nezarazene"],"_links":{"self":[{"href":"https:\/\/www.motomost.cz\/index.php?rest_route=\/wp\/v2\/posts\/432","targetHints":{"allow":["GET"]}}],"collection":[{"href":"https:\/\/www.motomost.cz\/index.php?rest_route=\/wp\/v2\/posts"}],"about":[{"href":"https:\/\/www.motomost.cz\/index.php?rest_route=\/wp\/v2\/types\/post"}],"author":[{"embeddable":true,"href":"https:\/\/www.motomost.cz\/index.php?rest_route=\/wp\/v2\/users\/1"}],"replies":[{"embeddable":true,"href":"https:\/\/www.motomost.cz\/index.php?rest_route=%2Fwp%2Fv2%2Fcomments&post=432"}],"version-history":[{"count":55,"href":"https:\/\/www.motomost.cz\/index.php?rest_route=\/wp\/v2\/posts\/432\/revisions"}],"predecessor-version":[{"id":580,"href":"https:\/\/www.motomost.cz\/index.php?rest_route=\/wp\/v2\/posts\/432\/revisions\/580"}],"wp:featuredmedia":[{"embeddable":true,"href":"https:\/\/www.motomost.cz\/index.php?rest_route=\/wp\/v2\/media\/483"}],"wp:attachment":[{"href":"https:\/\/www.motomost.cz\/index.php?rest_route=%2Fwp%2Fv2%2Fmedia&parent=432"}],"wp:term":[{"taxonomy":"category","embeddable":true,"href":"https:\/\/www.motomost.cz\/index.php?rest_route=%2Fwp%2Fv2%2Fcategories&post=432"},{"taxonomy":"post_tag","embeddable":true,"href":"https:\/\/www.motomost.cz\/index.php?rest_route=%2Fwp%2Fv2%2Ftags&post=432"}],"curies":[{"name":"wp","href":"https:\/\/api.w.org\/{rel}","templated":true}]}}